{"id":2689,"date":"2017-05-03T09:56:51","date_gmt":"2017-05-03T07:56:51","guid":{"rendered":"http:\/\/ferienlager-stjosef.de\/?p=2689"},"modified":"2017-05-03T12:55:51","modified_gmt":"2017-05-03T10:55:51","slug":"aktuelles-im-mai-35-jahre-jupp-und-co","status":"publish","type":"post","link":"https:\/\/ferienlager-stjosef.de\/?p=2689","title":{"rendered":"Aktuelles im Mai: 35 Jahre Jupp und Co."},"content":{"rendered":"<p>Die erste H\u00fcrde ist geschafft! Gut 3000 Euro sind beim <strong>Crowdfunding<\/strong> zusammengekommen und wir somit einen gro\u00dfen Schritt weiter in unserer <strong>&#8222;Rolf in Not&#8220;-Aktion.<\/strong> Vielen Dank an alle Spender! Alle Unterst\u00fctzer die ein &#8222;Dankesch\u00f6n&#8220; ausgew\u00e4hlt haben, werden von uns in den n\u00e4chsten Tagen per Post einen Gutschein erhalten. Damit k\u00f6nnt ihr euch dann beim gro\u00dfen Jubil\u00e4umsfest am 13. Mai ein Getr\u00e4nk, eine Waffel oder beides abholen (je nach Summe). Sollte alles glatt gehen, haben wir bereits in diesem Sommer in Schneverdingen unsere neuen &#8222;Rolf&#8220;-Zelte auf dem Platz stehen.<\/p>\n<p>Damit w\u00e4ren wir auch gleich beim n\u00e4chsten Thema: <strong>35 Jahre \u2013 35 Grad! <\/strong>Wie bereits angek\u00fcndigt findet am 13. Mai unser gro\u00dfes Geburtstagsfest statt. Auf der Wiese am Kapitelshaus (Remigiusstra\u00dfe 18) werden wir bei gutem Wetter unser Mannschaftszelt, den wei\u00dfen Riesen, aufbauen und zusammen mit allen Freunden und Bekannten des Ferienlagers unser gro\u00dfes Familienfest feiern (bei Regen verlegen wir das Fest nach drinnen). Jeder ist willkommen, lernt unser Ferienlager kennen! Wir schmei\u00dfen den Grill an, es gibt Getr\u00e4nke und kleine Spiele sowie eine H\u00fcpfburg. <strong>Los geht es um 15 Uhr.<\/strong><\/p>\n<p>Alle ehemaligen Betreuer wurden bereits per Mail eingeladen und sind auch ab 19 Uhr herzlich willkommen. Beim gro\u00dfen <strong>Ehemaligentreffen<\/strong> wird es dann die ein oder andere Geschichte aus 35 Jahren Ferienlager St. Jupp zu h\u00f6ren und zu sehen geben.<\/p>\n<p>In Aktion zu sehen gab es vor wenigen Tage auch die Betreuer: Ende April haben wir unsere<strong> j\u00e4hrliche Inventur<\/strong> und den Umzug des Lagerinventars in neue R\u00e4umlichkeiten \u00fcber die B\u00fchne gebracht. Dabei wurden Regale gezimmert, Material kontrolliert und B\u00e4nke gestrichen &#8211; <strong>ein mehr als erfolgreiches Wochenende.&nbsp;<\/strong>Am letzten Donnerstag war das B-Team au\u00dferdem mit einem Stand auf dem <strong>Feierabend Markt<\/strong> in Borken zugegen. Neben Kinderschminken gab es au\u00dferdem die M\u00f6glichkeit sich \u00fcber unsere erfolgreiche Crowdfunding Aktion zu informieren und sich f\u00fcr unser Ferienlager anzumelden.<\/p>\n<p>Und schlussendlich sind noch einige <strong>Pl\u00e4tze f\u00fcr Schneverdingen 2017 frei!<\/strong> Wer also im Sommer noch lust auf 14 Tage Action, Spa\u00df, Gemeinschaft, Show, Spiel, Freunde, Sommer und Sonne hat: <a href=\"https:\/\/ferienlager-stjosef.de\/?p=289\">Nichts wie angemeldet &#8211; wir freuen uns auf euch!<\/a><\/p>\n<p>&nbsp;<\/p>\n<p>&nbsp;<\/p>\n","protected":false},"excerpt":{"rendered":"<p>Die erste H\u00fcrde ist geschafft! Gut 3000 Euro sind beim Crowdfunding zusammengekommen und wir somit einen gro\u00dfen Schritt weiter in unserer &#8222;Rolf in Not&#8220;-Aktion. Vielen Dank an alle Spender! Alle Unterst\u00fctzer die ein &#8222;Dankesch\u00f6n&#8220; ausgew\u00e4hlt haben, werden von uns in den n\u00e4chsten Tagen per Post einen Gutschein erhalten. Damit k\u00f6nnt ihr euch dann beim gro\u00dfen<br \/><a class=\"moretag\" href=\"https:\/\/ferienlager-stjosef.de\/?p=2689\">+ Read More<\/a><\/p>\n","protected":false},"author":2,"featured_media":2691,"comment_status":"open","ping_status":"open","sticky":false,"template":"","format":"standard","meta":{"ngg_post_thumbnail":0,"footnotes":""},"categories":[23,28,29],"tags":[],"class_list":["post-2689","post","type-post","status-publish","format-standard","has-post-thumbnail","hentry","category-35-jahre-jupp","category-rolf-in-not","category-schneverdingen-2017"],"_links":{"self":[{"href":"https:\/\/ferienlager-stjosef.de\/index.php?rest_route=\/wp\/v2\/posts\/2689","targetHints":{"allow":["GET"]}}],"collection":[{"href":"https:\/\/ferienlager-stjosef.de\/index.php?rest_route=\/wp\/v2\/posts"}],"about":[{"href":"https:\/\/ferienlager-stjosef.de\/index.php?rest_route=\/wp\/v2\/types\/post"}],"author":[{"embeddable":true,"href":"https:\/\/ferienlager-stjosef.de\/index.php?rest_route=\/wp\/v2\/users\/2"}],"replies":[{"embeddable":true,"href":"https:\/\/ferienlager-stjosef.de\/index.php?rest_route=%2Fwp%2Fv2%2Fcomments&post=2689"}],"version-history":[{"count":5,"href":"https:\/\/ferienlager-stjosef.de\/index.php?rest_route=\/wp\/v2\/posts\/2689\/revisions"}],"predecessor-version":[{"id":2696,"href":"https:\/\/ferienlager-stjosef.de\/index.php?rest_route=\/wp\/v2\/posts\/2689\/revisions\/2696"}],"wp:featuredmedia":[{"embeddable":true,"href":"https:\/\/ferienlager-stjosef.de\/index.php?rest_route=\/wp\/v2\/media\/2691"}],"wp:attachment":[{"href":"https:\/\/ferienlager-stjosef.de\/index.php?rest_route=%2Fwp%2Fv2%2Fmedia&parent=2689"}],"wp:term":[{"taxonomy":"category","embeddable":true,"href":"https:\/\/ferienlager-stjosef.de\/index.php?rest_route=%2Fwp%2Fv2%2Fcategories&post=2689"},{"taxonomy":"post_tag","embeddable":true,"href":"https:\/\/ferienlager-stjosef.de\/index.php?rest_route=%2Fwp%2Fv2%2Ftags&post=2689"}],"curies":[{"name":"wp","href":"https:\/\/api.w.org\/{rel}","templated":true}]}}