{"id":2750,"date":"2017-11-13T16:57:01","date_gmt":"2017-11-13T15:57:01","guid":{"rendered":"http:\/\/ferienlager-stjosef.de\/?p=2750"},"modified":"2017-11-13T17:00:16","modified_gmt":"2017-11-13T16:00:16","slug":"herbst-update-anmeldung-2018-und-lagerbote","status":"publish","type":"post","link":"https:\/\/ferienlager-stjosef.de\/?p=2750","title":{"rendered":"Herbst-Update: Anmeldung 2018 und Lagerbote"},"content":{"rendered":"<p>Der Sommer liegt weit hinter uns und damit das Ferienlager St. Josef 2017 in Schneverdingen. Alle Grumis und Eltern hatten bereits am Fotonachmittag die Gelegenheit sich die Lagerzeitung &#8222;Lagerbote&#8220; zu sichern. Bei Kaffee, Limo und Kuchen gab es dann einen R\u00fcckblick auf vierzehn wunderbare Tage im Sommer in Form vom Lagerfilm und der Fotoshow. <strong>F\u00fcr alle daheimgebliebenen und interessierten steht der Lagerbote jetzt auch als PDF wie gewohnt in unserer <\/strong><a href=\"https:\/\/ferienlager-stjosef.de\/?page_id=11\"><strong>Mediathek zur Verf\u00fcgung.<\/strong> <\/a><\/p>\n<p>Unser Lagerjahr 2017 ist damit auch beendet und wir werfen einen Blick in&#8217;s n\u00e4chste Jahr: H\u00f6velhof 2018 steht auf dem Programm. <strong>In der N\u00e4he von Paderborn werden wir diesmal unser Zeltlager aufschlagen, genauer gesagt vom 28.7.\u201311.8.2018.<\/strong> Der Platz bietet neben einem fest installierten K\u00fcchenh\u00e4uschen auch ein eigenes Toilettenhaus und viel Wald und Wiese um den Platz herum. Zuletzt waren wir in den Jahren 2005 und 2013 dort. Erste Impressionen lassen sich entsprechend in den alten Ausgaben des Lagerboten finden. <strong>Die Anmeldung ist ab sofort m\u00f6glich \u2013 wer also schon erste Geschenke f\u00fcr Weihnachten sucht oder seinen Sommer schon planen m\u00f6chte: <a href=\"https:\/\/ferienlager-stjosef.de\/?p=248\">Hier geht es zur Anmeldung f\u00fcr 2018.<\/a><\/strong><\/p>\n","protected":false},"excerpt":{"rendered":"<p>Der Sommer liegt weit hinter uns und damit das Ferienlager St. Josef 2017 in Schneverdingen. Alle Grumis und Eltern hatten bereits am Fotonachmittag die Gelegenheit sich die Lagerzeitung &#8222;Lagerbote&#8220; zu sichern. Bei Kaffee, Limo und Kuchen gab es dann einen R\u00fcckblick auf vierzehn wunderbare Tage im Sommer in Form vom Lagerfilm und der Fotoshow. F\u00fcr<br \/><a class=\"moretag\" href=\"https:\/\/ferienlager-stjosef.de\/?p=2750\">+ Read More<\/a><\/p>\n","protected":false},"author":1,"featured_media":2605,"comment_status":"open","ping_status":"open","sticky":false,"template":"","format":"standard","meta":{"ngg_post_thumbnail":0,"footnotes":""},"categories":[29],"tags":[],"class_list":["post-2750","post","type-post","status-publish","format-standard","has-post-thumbnail","hentry","category-schneverdingen-2017"],"_links":{"self":[{"href":"https:\/\/ferienlager-stjosef.de\/index.php?rest_route=\/wp\/v2\/posts\/2750","targetHints":{"allow":["GET"]}}],"collection":[{"href":"https:\/\/ferienlager-stjosef.de\/index.php?rest_route=\/wp\/v2\/posts"}],"about":[{"href":"https:\/\/ferienlager-stjosef.de\/index.php?rest_route=\/wp\/v2\/types\/post"}],"author":[{"embeddable":true,"href":"https:\/\/ferienlager-stjosef.de\/index.php?rest_route=\/wp\/v2\/users\/1"}],"replies":[{"embeddable":true,"href":"https:\/\/ferienlager-stjosef.de\/index.php?rest_route=%2Fwp%2Fv2%2Fcomments&post=2750"}],"version-history":[{"count":4,"href":"https:\/\/ferienlager-stjosef.de\/index.php?rest_route=\/wp\/v2\/posts\/2750\/revisions"}],"predecessor-version":[{"id":2756,"href":"https:\/\/ferienlager-stjosef.de\/index.php?rest_route=\/wp\/v2\/posts\/2750\/revisions\/2756"}],"wp:featuredmedia":[{"embeddable":true,"href":"https:\/\/ferienlager-stjosef.de\/index.php?rest_route=\/wp\/v2\/media\/2605"}],"wp:attachment":[{"href":"https:\/\/ferienlager-stjosef.de\/index.php?rest_route=%2Fwp%2Fv2%2Fmedia&parent=2750"}],"wp:term":[{"taxonomy":"category","embeddable":true,"href":"https:\/\/ferienlager-stjosef.de\/index.php?rest_route=%2Fwp%2Fv2%2Fcategories&post=2750"},{"taxonomy":"post_tag","embeddable":true,"href":"https:\/\/ferienlager-stjosef.de\/index.php?rest_route=%2Fwp%2Fv2%2Ftags&post=2750"}],"curies":[{"name":"wp","href":"https:\/\/api.w.org\/{rel}","templated":true}]}}